{"id":568,"date":"2023-06-10T03:46:45","date_gmt":"2023-06-10T01:46:45","guid":{"rendered":"https:\/\/q-nst.de\/blog\/?p=568"},"modified":"2023-06-10T03:52:00","modified_gmt":"2023-06-10T01:52:00","slug":"wie-ewig-ist-der-atem","status":"publish","type":"post","link":"https:\/\/q-nst.de\/blog\/wie-ewig-ist-der-atem\/","title":{"rendered":"Wie ewig ist der Atem&#8230;"},"content":{"rendered":"<div id=\"pl-gb568-69f279ea61443\"  class=\"panel-layout\" ><div id=\"pg-gb568-69f279ea61443-0\"  class=\"panel-grid panel-no-style\" ><div id=\"pgc-gb568-69f279ea61443-0-0\"  class=\"panel-grid-cell\" ><div id=\"panel-gb568-69f279ea61443-0-0-0\" class=\"so-panel widget widget_sow-editor panel-first-child panel-last-child\" data-index=\"0\" ><div\n\t\t\t\n\t\t\tclass=\"so-widget-sow-editor so-widget-sow-editor-base\"\n\t\t\t\n\t\t>\n<div class=\"siteorigin-widget-tinymce textwidget\">\n\t<figure id=\"attachment_567\" aria-describedby=\"caption-attachment-567\" style=\"width: 1000px\" class=\"wp-caption alignnone\"><a href=\"https:\/\/q-nst.de\/blog\/wp-content\/uploads\/2023\/06\/DSC3187.jpg\"><img loading=\"lazy\" decoding=\"async\" class=\"wp-image-567 size-full\" src=\"https:\/\/q-nst.de\/blog\/wp-content\/uploads\/2023\/06\/DSC3187.jpg\" alt=\"\" width=\"1000\" height=\"399\" srcset=\"https:\/\/q-nst.de\/blog\/wp-content\/uploads\/2023\/06\/DSC3187.jpg 1000w, https:\/\/q-nst.de\/blog\/wp-content\/uploads\/2023\/06\/DSC3187-300x120.jpg 300w, https:\/\/q-nst.de\/blog\/wp-content\/uploads\/2023\/06\/DSC3187-768x306.jpg 768w\" sizes=\"auto, (max-width: 1000px) 100vw, 1000px\" \/><\/a><figcaption id=\"caption-attachment-567\" class=\"wp-caption-text\">into the blue&#8230;<\/figcaption><\/figure>\n<\/div>\n<\/div><\/div><\/div><\/div><div id=\"pg-gb568-69f279ea61443-1\"  class=\"panel-grid panel-no-style\" ><div id=\"pgc-gb568-69f279ea61443-1-0\"  class=\"panel-grid-cell\" ><div id=\"panel-gb568-69f279ea61443-1-0-0\" class=\"so-panel widget widget_sow-editor panel-first-child panel-last-child\" data-index=\"1\" ><div\n\t\t\t\n\t\t\tclass=\"so-widget-sow-editor so-widget-sow-editor-base\"\n\t\t\t\n\t\t>\n<div class=\"siteorigin-widget-tinymce textwidget\">\n\t<p>Bist du ewig, vielleicht. Haben wir ein Versprechen bekommen? Es f\u00fchlt sich so an&#8230; eine Belohnung f\u00fcr das Ausharren. Deine Augen sehen, schauen. Symbole \u00fcberall&#8230;<\/p>\n<p>Die Sch\u00e4rfe der Sinne zerflie\u00dft im Traum&#8230; was ist Real? All das zwischen den Augen? All die Milliarden Engel, die sanft an deinen Klustern zupfen? Dein Blick verharrt auf deinen H\u00e4nden. Was bewegt sie, im Atem des 3. Planeten eines Systems irgendwo am Rande der Galaxie? 26.000 Lichtjahre vom Durchgang, dem Zentrum, dem Tor.<\/p>\n<p>Ein Finger zeigt dorthin, ins hell gl\u00e4nzende Schwarze. Deine Augen schauen, doch du selbst siehst sie niemals&#8230; Aussen ist Innen und Innen ist Aussen.<\/p>\n<\/div>\n<\/div><\/div><\/div><\/div><div id=\"pg-gb568-69f279ea61443-2\"  class=\"panel-grid panel-no-style\" ><div id=\"pgc-gb568-69f279ea61443-2-0\"  class=\"panel-grid-cell\" ><div id=\"panel-gb568-69f279ea61443-2-0-0\" class=\"so-panel widget widget_sow-editor panel-first-child panel-last-child\" data-index=\"2\" ><div\n\t\t\t\n\t\t\tclass=\"so-widget-sow-editor so-widget-sow-editor-base\"\n\t\t\t\n\t\t>\n<div class=\"siteorigin-widget-tinymce textwidget\">\n\t<figure id=\"attachment_566\" aria-describedby=\"caption-attachment-566\" style=\"width: 1000px\" class=\"wp-caption alignnone\"><a href=\"https:\/\/q-nst.de\/blog\/wp-content\/uploads\/2023\/06\/DSC3186.jpg\"><img loading=\"lazy\" decoding=\"async\" class=\"wp-image-566 size-full\" src=\"https:\/\/q-nst.de\/blog\/wp-content\/uploads\/2023\/06\/DSC3186.jpg\" alt=\"\" width=\"1000\" height=\"665\" srcset=\"https:\/\/q-nst.de\/blog\/wp-content\/uploads\/2023\/06\/DSC3186.jpg 1000w, https:\/\/q-nst.de\/blog\/wp-content\/uploads\/2023\/06\/DSC3186-300x200.jpg 300w, https:\/\/q-nst.de\/blog\/wp-content\/uploads\/2023\/06\/DSC3186-768x511.jpg 768w, https:\/\/q-nst.de\/blog\/wp-content\/uploads\/2023\/06\/DSC3186-272x182.jpg 272w\" sizes=\"auto, (max-width: 1000px) 100vw, 1000px\" \/><\/a><figcaption id=\"caption-attachment-566\" class=\"wp-caption-text\">Der dritte Planet &#8211; Atem<\/figcaption><\/figure>\n<\/div>\n<\/div><\/div><\/div><\/div><div id=\"pg-gb568-69f279ea61443-3\"  class=\"panel-grid panel-no-style\" ><div id=\"pgc-gb568-69f279ea61443-3-0\"  class=\"panel-grid-cell\" ><div id=\"panel-gb568-69f279ea61443-3-0-0\" class=\"so-panel widget widget_sow-editor panel-first-child panel-last-child\" data-index=\"3\" ><div\n\t\t\t\n\t\t\tclass=\"so-widget-sow-editor so-widget-sow-editor-base\"\n\t\t\t\n\t\t>\n<div class=\"siteorigin-widget-tinymce textwidget\">\n\t<figure id=\"attachment_565\" aria-describedby=\"caption-attachment-565\" style=\"width: 1000px\" class=\"wp-caption alignnone\"><a href=\"https:\/\/q-nst.de\/blog\/wp-content\/uploads\/2023\/06\/DSC3185.jpg\"><img loading=\"lazy\" decoding=\"async\" class=\"wp-image-565 size-full\" src=\"https:\/\/q-nst.de\/blog\/wp-content\/uploads\/2023\/06\/DSC3185.jpg\" alt=\"\" width=\"1000\" height=\"665\" srcset=\"https:\/\/q-nst.de\/blog\/wp-content\/uploads\/2023\/06\/DSC3185.jpg 1000w, https:\/\/q-nst.de\/blog\/wp-content\/uploads\/2023\/06\/DSC3185-300x200.jpg 300w, https:\/\/q-nst.de\/blog\/wp-content\/uploads\/2023\/06\/DSC3185-768x511.jpg 768w, https:\/\/q-nst.de\/blog\/wp-content\/uploads\/2023\/06\/DSC3185-272x182.jpg 272w\" sizes=\"auto, (max-width: 1000px) 100vw, 1000px\" \/><\/a><figcaption id=\"caption-attachment-565\" class=\"wp-caption-text\">Der dritte Planet &#8211; Atem<\/figcaption><\/figure>\n<\/div>\n<\/div><\/div><\/div><\/div><\/div>","protected":false},"excerpt":{"rendered":"<p>Bist du ewig, vielleicht. Haben wir ein Versprechen bekommen? Es f\u00fchlt sich so an&#8230; eine Belohnung f\u00fcr das Ausharren. Deine Augen sehen, schauen. Symbole \u00fcberall&#8230; Die Sch\u00e4rfe der Sinne zerflie\u00dft im Traum&#8230; was ist Real? All das zwischen den Augen? All die Milliarden Engel, die sanft an deinen Klustern zupfen? Dein Blick verharrt auf deinen [&hellip;]<\/p>\n","protected":false},"author":3,"featured_media":0,"comment_status":"open","ping_status":"open","sticky":false,"template":"","format":"standard","meta":{"ocean_post_layout":"","ocean_both_sidebars_style":"","ocean_both_sidebars_content_width":0,"ocean_both_sidebars_sidebars_width":0,"ocean_sidebar":"","ocean_second_sidebar":"","ocean_disable_margins":"enable","ocean_add_body_class":"","ocean_shortcode_before_top_bar":"","ocean_shortcode_after_top_bar":"","ocean_shortcode_before_header":"","ocean_shortcode_after_header":"","ocean_has_shortcode":"","ocean_shortcode_after_title":"","ocean_shortcode_before_footer_widgets":"","ocean_shortcode_after_footer_widgets":"","ocean_shortcode_before_footer_bottom":"","ocean_shortcode_after_footer_bottom":"","ocean_display_top_bar":"default","ocean_display_header":"default","ocean_header_style":"","ocean_center_header_left_menu":"","ocean_custom_header_template":"","ocean_custom_logo":0,"ocean_custom_retina_logo":0,"ocean_custom_logo_max_width":0,"ocean_custom_logo_tablet_max_width":0,"ocean_custom_logo_mobile_max_width":0,"ocean_custom_logo_max_height":0,"ocean_custom_logo_tablet_max_height":0,"ocean_custom_logo_mobile_max_height":0,"ocean_header_custom_menu":"","ocean_menu_typo_font_family":"","ocean_menu_typo_font_subset":"","ocean_menu_typo_font_size":0,"ocean_menu_typo_font_size_tablet":0,"ocean_menu_typo_font_size_mobile":0,"ocean_menu_typo_font_size_unit":"px","ocean_menu_typo_font_weight":"","ocean_menu_typo_font_weight_tablet":"","ocean_menu_typo_font_weight_mobile":"","ocean_menu_typo_transform":"","ocean_menu_typo_transform_tablet":"","ocean_menu_typo_transform_mobile":"","ocean_menu_typo_line_height":0,"ocean_menu_typo_line_height_tablet":0,"ocean_menu_typo_line_height_mobile":0,"ocean_menu_typo_line_height_unit":"","ocean_menu_typo_spacing":0,"ocean_menu_typo_spacing_tablet":0,"ocean_menu_typo_spacing_mobile":0,"ocean_menu_typo_spacing_unit":"","ocean_menu_link_color":"","ocean_menu_link_color_hover":"","ocean_menu_link_color_active":"","ocean_menu_link_background":"","ocean_menu_link_hover_background":"","ocean_menu_link_active_background":"","ocean_menu_social_links_bg":"","ocean_menu_social_hover_links_bg":"","ocean_menu_social_links_color":"","ocean_menu_social_hover_links_color":"","ocean_disable_title":"default","ocean_disable_heading":"default","ocean_post_title":"","ocean_post_subheading":"","ocean_post_title_style":"","ocean_post_title_background_color":"","ocean_post_title_background":0,"ocean_post_title_bg_image_position":"","ocean_post_title_bg_image_attachment":"","ocean_post_title_bg_image_repeat":"","ocean_post_title_bg_image_size":"","ocean_post_title_height":0,"ocean_post_title_bg_overlay":0.5,"ocean_post_title_bg_overlay_color":"","ocean_disable_breadcrumbs":"default","ocean_breadcrumbs_color":"","ocean_breadcrumbs_separator_color":"","ocean_breadcrumbs_links_color":"","ocean_breadcrumbs_links_hover_color":"","ocean_display_footer_widgets":"default","ocean_display_footer_bottom":"default","ocean_custom_footer_template":"","ocean_post_oembed":"","ocean_post_self_hosted_media":"","ocean_post_video_embed":"","ocean_link_format":"","ocean_link_format_target":"self","ocean_quote_format":"","ocean_quote_format_link":"post","ocean_gallery_link_images":"on","ocean_gallery_id":[],"footnotes":""},"categories":[8],"tags":[],"class_list":["post-568","post","type-post","status-publish","format-standard","hentry","category-they-do-come-back","entry"],"yoast_head":"<!-- This site is optimized with the Yoast SEO plugin v27.5 - https:\/\/yoast.com\/product\/yoast-seo-wordpress\/ -->\n<title>Wie ewig ist der Atem... - INSIGHTS \/ Fotogafie und Poesie und anderes<\/title>\n<meta name=\"robots\" content=\"index, follow, max-snippet:-1, max-image-preview:large, max-video-preview:-1\" \/>\n<link rel=\"canonical\" href=\"https:\/\/q-nst.de\/blog\/wie-ewig-ist-der-atem\/\" \/>\n<meta property=\"og:locale\" content=\"de_DE\" \/>\n<meta property=\"og:type\" content=\"article\" \/>\n<meta property=\"og:title\" content=\"Wie ewig ist der Atem... - INSIGHTS \/ Fotogafie und Poesie und anderes\" \/>\n<meta property=\"og:description\" content=\"Bist du ewig, vielleicht. Haben wir ein Versprechen bekommen? Es f\u00fchlt sich so an... eine Belohnung f\u00fcr das Ausharren. Deine Augen sehen, schauen. Symbole \u00fcberall... Die Sch\u00e4rfe der Sinne zerflie\u00dft im Traum... was ist Real? All das zwischen den Augen? All die Milliarden Engel, die sanft an deinen Klustern zupfen? Dein Blick verharrt auf deinen [&hellip;]\" \/>\n<meta property=\"og:url\" content=\"https:\/\/q-nst.de\/blog\/wie-ewig-ist-der-atem\/\" \/>\n<meta property=\"og:site_name\" content=\"INSIGHTS \/ Fotogafie und Poesie und anderes\" \/>\n<meta property=\"article:published_time\" content=\"2023-06-10T01:46:45+00:00\" \/>\n<meta property=\"article:modified_time\" content=\"2023-06-10T01:52:00+00:00\" \/>\n<meta property=\"og:image\" content=\"https:\/\/q-nst.de\/blog\/wp-content\/uploads\/2023\/06\/DSC3187.jpg\" \/>\n<meta name=\"author\" content=\"Peter Kubala\" \/>\n<meta name=\"twitter:card\" content=\"summary_large_image\" \/>\n<meta name=\"twitter:label1\" content=\"Verfasst von\" \/>\n\t<meta name=\"twitter:data1\" content=\"Peter Kubala\" \/>\n\t<meta name=\"twitter:label2\" content=\"Gesch\u00e4tzte Lesezeit\" \/>\n\t<meta name=\"twitter:data2\" content=\"2\u00a0Minuten\" \/>\n<script type=\"application\/ld+json\" class=\"yoast-schema-graph\">{\"@context\":\"https:\\\/\\\/schema.org\",\"@graph\":[{\"@type\":\"Article\",\"@id\":\"https:\\\/\\\/q-nst.de\\\/blog\\\/wie-ewig-ist-der-atem\\\/#article\",\"isPartOf\":{\"@id\":\"https:\\\/\\\/q-nst.de\\\/blog\\\/wie-ewig-ist-der-atem\\\/\"},\"author\":{\"name\":\"Peter Kubala\",\"@id\":\"https:\\\/\\\/q-nst.de\\\/blog\\\/#\\\/schema\\\/person\\\/9b61e2815a5c6ef4b96587db0eddff1e\"},\"headline\":\"Wie ewig ist der Atem&#8230;\",\"datePublished\":\"2023-06-10T01:46:45+00:00\",\"dateModified\":\"2023-06-10T01:52:00+00:00\",\"mainEntityOfPage\":{\"@id\":\"https:\\\/\\\/q-nst.de\\\/blog\\\/wie-ewig-ist-der-atem\\\/\"},\"wordCount\":125,\"commentCount\":0,\"publisher\":{\"@id\":\"https:\\\/\\\/q-nst.de\\\/blog\\\/#\\\/schema\\\/person\\\/9b61e2815a5c6ef4b96587db0eddff1e\"},\"image\":{\"@id\":\"https:\\\/\\\/q-nst.de\\\/blog\\\/wie-ewig-ist-der-atem\\\/#primaryimage\"},\"thumbnailUrl\":\"https:\\\/\\\/q-nst.de\\\/blog\\\/wp-content\\\/uploads\\\/2023\\\/06\\\/DSC3187.jpg\",\"articleSection\":[\"They do come back!\"],\"inLanguage\":\"de\",\"potentialAction\":[{\"@type\":\"CommentAction\",\"name\":\"Comment\",\"target\":[\"https:\\\/\\\/q-nst.de\\\/blog\\\/wie-ewig-ist-der-atem\\\/#respond\"]}]},{\"@type\":\"WebPage\",\"@id\":\"https:\\\/\\\/q-nst.de\\\/blog\\\/wie-ewig-ist-der-atem\\\/\",\"url\":\"https:\\\/\\\/q-nst.de\\\/blog\\\/wie-ewig-ist-der-atem\\\/\",\"name\":\"Wie ewig ist der Atem... - INSIGHTS \\\/ Fotogafie und Poesie und anderes\",\"isPartOf\":{\"@id\":\"https:\\\/\\\/q-nst.de\\\/blog\\\/#website\"},\"primaryImageOfPage\":{\"@id\":\"https:\\\/\\\/q-nst.de\\\/blog\\\/wie-ewig-ist-der-atem\\\/#primaryimage\"},\"image\":{\"@id\":\"https:\\\/\\\/q-nst.de\\\/blog\\\/wie-ewig-ist-der-atem\\\/#primaryimage\"},\"thumbnailUrl\":\"https:\\\/\\\/q-nst.de\\\/blog\\\/wp-content\\\/uploads\\\/2023\\\/06\\\/DSC3187.jpg\",\"datePublished\":\"2023-06-10T01:46:45+00:00\",\"dateModified\":\"2023-06-10T01:52:00+00:00\",\"breadcrumb\":{\"@id\":\"https:\\\/\\\/q-nst.de\\\/blog\\\/wie-ewig-ist-der-atem\\\/#breadcrumb\"},\"inLanguage\":\"de\",\"potentialAction\":[{\"@type\":\"ReadAction\",\"target\":[\"https:\\\/\\\/q-nst.de\\\/blog\\\/wie-ewig-ist-der-atem\\\/\"]}]},{\"@type\":\"ImageObject\",\"inLanguage\":\"de\",\"@id\":\"https:\\\/\\\/q-nst.de\\\/blog\\\/wie-ewig-ist-der-atem\\\/#primaryimage\",\"url\":\"https:\\\/\\\/q-nst.de\\\/blog\\\/wp-content\\\/uploads\\\/2023\\\/06\\\/DSC3187.jpg\",\"contentUrl\":\"https:\\\/\\\/q-nst.de\\\/blog\\\/wp-content\\\/uploads\\\/2023\\\/06\\\/DSC3187.jpg\",\"width\":1000,\"height\":399},{\"@type\":\"BreadcrumbList\",\"@id\":\"https:\\\/\\\/q-nst.de\\\/blog\\\/wie-ewig-ist-der-atem\\\/#breadcrumb\",\"itemListElement\":[{\"@type\":\"ListItem\",\"position\":1,\"name\":\"Home\",\"item\":\"https:\\\/\\\/q-nst.de\\\/blog\\\/\"},{\"@type\":\"ListItem\",\"position\":2,\"name\":\"Wie ewig ist der Atem&#8230;\"}]},{\"@type\":\"WebSite\",\"@id\":\"https:\\\/\\\/q-nst.de\\\/blog\\\/#website\",\"url\":\"https:\\\/\\\/q-nst.de\\\/blog\\\/\",\"name\":\"INSIGHTS \\\/ Fotogafie und Poesie und anderes\",\"description\":\"\",\"publisher\":{\"@id\":\"https:\\\/\\\/q-nst.de\\\/blog\\\/#\\\/schema\\\/person\\\/9b61e2815a5c6ef4b96587db0eddff1e\"},\"potentialAction\":[{\"@type\":\"SearchAction\",\"target\":{\"@type\":\"EntryPoint\",\"urlTemplate\":\"https:\\\/\\\/q-nst.de\\\/blog\\\/?s={search_term_string}\"},\"query-input\":{\"@type\":\"PropertyValueSpecification\",\"valueRequired\":true,\"valueName\":\"search_term_string\"}}],\"inLanguage\":\"de\"},{\"@type\":[\"Person\",\"Organization\"],\"@id\":\"https:\\\/\\\/q-nst.de\\\/blog\\\/#\\\/schema\\\/person\\\/9b61e2815a5c6ef4b96587db0eddff1e\",\"name\":\"Peter Kubala\",\"image\":{\"@type\":\"ImageObject\",\"inLanguage\":\"de\",\"@id\":\"https:\\\/\\\/q-nst.de\\\/blog\\\/wp-content\\\/uploads\\\/2023\\\/05\\\/DSC2888.jpg\",\"url\":\"https:\\\/\\\/q-nst.de\\\/blog\\\/wp-content\\\/uploads\\\/2023\\\/05\\\/DSC2888.jpg\",\"contentUrl\":\"https:\\\/\\\/q-nst.de\\\/blog\\\/wp-content\\\/uploads\\\/2023\\\/05\\\/DSC2888.jpg\",\"width\":1000,\"height\":1547,\"caption\":\"Peter Kubala\"},\"logo\":{\"@id\":\"https:\\\/\\\/q-nst.de\\\/blog\\\/wp-content\\\/uploads\\\/2023\\\/05\\\/DSC2888.jpg\"},\"url\":\"https:\\\/\\\/q-nst.de\\\/blog\\\/author\\\/peter\\\/\"}]}<\/script>\n<!-- \/ Yoast SEO plugin. -->","yoast_head_json":{"title":"Wie ewig ist der Atem... - INSIGHTS \/ Fotogafie und Poesie und anderes","robots":{"index":"index","follow":"follow","max-snippet":"max-snippet:-1","max-image-preview":"max-image-preview:large","max-video-preview":"max-video-preview:-1"},"canonical":"https:\/\/q-nst.de\/blog\/wie-ewig-ist-der-atem\/","og_locale":"de_DE","og_type":"article","og_title":"Wie ewig ist der Atem... - INSIGHTS \/ Fotogafie und Poesie und anderes","og_description":"Bist du ewig, vielleicht. Haben wir ein Versprechen bekommen? Es f\u00fchlt sich so an... eine Belohnung f\u00fcr das Ausharren. Deine Augen sehen, schauen. Symbole \u00fcberall... Die Sch\u00e4rfe der Sinne zerflie\u00dft im Traum... was ist Real? All das zwischen den Augen? All die Milliarden Engel, die sanft an deinen Klustern zupfen? Dein Blick verharrt auf deinen [&hellip;]","og_url":"https:\/\/q-nst.de\/blog\/wie-ewig-ist-der-atem\/","og_site_name":"INSIGHTS \/ Fotogafie und Poesie und anderes","article_published_time":"2023-06-10T01:46:45+00:00","article_modified_time":"2023-06-10T01:52:00+00:00","og_image":[{"url":"https:\/\/q-nst.de\/blog\/wp-content\/uploads\/2023\/06\/DSC3187.jpg","type":"","width":"","height":""}],"author":"Peter Kubala","twitter_card":"summary_large_image","twitter_misc":{"Verfasst von":"Peter Kubala","Gesch\u00e4tzte Lesezeit":"2\u00a0Minuten"},"schema":{"@context":"https:\/\/schema.org","@graph":[{"@type":"Article","@id":"https:\/\/q-nst.de\/blog\/wie-ewig-ist-der-atem\/#article","isPartOf":{"@id":"https:\/\/q-nst.de\/blog\/wie-ewig-ist-der-atem\/"},"author":{"name":"Peter Kubala","@id":"https:\/\/q-nst.de\/blog\/#\/schema\/person\/9b61e2815a5c6ef4b96587db0eddff1e"},"headline":"Wie ewig ist der Atem&#8230;","datePublished":"2023-06-10T01:46:45+00:00","dateModified":"2023-06-10T01:52:00+00:00","mainEntityOfPage":{"@id":"https:\/\/q-nst.de\/blog\/wie-ewig-ist-der-atem\/"},"wordCount":125,"commentCount":0,"publisher":{"@id":"https:\/\/q-nst.de\/blog\/#\/schema\/person\/9b61e2815a5c6ef4b96587db0eddff1e"},"image":{"@id":"https:\/\/q-nst.de\/blog\/wie-ewig-ist-der-atem\/#primaryimage"},"thumbnailUrl":"https:\/\/q-nst.de\/blog\/wp-content\/uploads\/2023\/06\/DSC3187.jpg","articleSection":["They do come back!"],"inLanguage":"de","potentialAction":[{"@type":"CommentAction","name":"Comment","target":["https:\/\/q-nst.de\/blog\/wie-ewig-ist-der-atem\/#respond"]}]},{"@type":"WebPage","@id":"https:\/\/q-nst.de\/blog\/wie-ewig-ist-der-atem\/","url":"https:\/\/q-nst.de\/blog\/wie-ewig-ist-der-atem\/","name":"Wie ewig ist der Atem... - INSIGHTS \/ Fotogafie und Poesie und anderes","isPartOf":{"@id":"https:\/\/q-nst.de\/blog\/#website"},"primaryImageOfPage":{"@id":"https:\/\/q-nst.de\/blog\/wie-ewig-ist-der-atem\/#primaryimage"},"image":{"@id":"https:\/\/q-nst.de\/blog\/wie-ewig-ist-der-atem\/#primaryimage"},"thumbnailUrl":"https:\/\/q-nst.de\/blog\/wp-content\/uploads\/2023\/06\/DSC3187.jpg","datePublished":"2023-06-10T01:46:45+00:00","dateModified":"2023-06-10T01:52:00+00:00","breadcrumb":{"@id":"https:\/\/q-nst.de\/blog\/wie-ewig-ist-der-atem\/#breadcrumb"},"inLanguage":"de","potentialAction":[{"@type":"ReadAction","target":["https:\/\/q-nst.de\/blog\/wie-ewig-ist-der-atem\/"]}]},{"@type":"ImageObject","inLanguage":"de","@id":"https:\/\/q-nst.de\/blog\/wie-ewig-ist-der-atem\/#primaryimage","url":"https:\/\/q-nst.de\/blog\/wp-content\/uploads\/2023\/06\/DSC3187.jpg","contentUrl":"https:\/\/q-nst.de\/blog\/wp-content\/uploads\/2023\/06\/DSC3187.jpg","width":1000,"height":399},{"@type":"BreadcrumbList","@id":"https:\/\/q-nst.de\/blog\/wie-ewig-ist-der-atem\/#breadcrumb","itemListElement":[{"@type":"ListItem","position":1,"name":"Home","item":"https:\/\/q-nst.de\/blog\/"},{"@type":"ListItem","position":2,"name":"Wie ewig ist der Atem&#8230;"}]},{"@type":"WebSite","@id":"https:\/\/q-nst.de\/blog\/#website","url":"https:\/\/q-nst.de\/blog\/","name":"INSIGHTS \/ Fotogafie und Poesie und anderes","description":"","publisher":{"@id":"https:\/\/q-nst.de\/blog\/#\/schema\/person\/9b61e2815a5c6ef4b96587db0eddff1e"},"potentialAction":[{"@type":"SearchAction","target":{"@type":"EntryPoint","urlTemplate":"https:\/\/q-nst.de\/blog\/?s={search_term_string}"},"query-input":{"@type":"PropertyValueSpecification","valueRequired":true,"valueName":"search_term_string"}}],"inLanguage":"de"},{"@type":["Person","Organization"],"@id":"https:\/\/q-nst.de\/blog\/#\/schema\/person\/9b61e2815a5c6ef4b96587db0eddff1e","name":"Peter Kubala","image":{"@type":"ImageObject","inLanguage":"de","@id":"https:\/\/q-nst.de\/blog\/wp-content\/uploads\/2023\/05\/DSC2888.jpg","url":"https:\/\/q-nst.de\/blog\/wp-content\/uploads\/2023\/05\/DSC2888.jpg","contentUrl":"https:\/\/q-nst.de\/blog\/wp-content\/uploads\/2023\/05\/DSC2888.jpg","width":1000,"height":1547,"caption":"Peter Kubala"},"logo":{"@id":"https:\/\/q-nst.de\/blog\/wp-content\/uploads\/2023\/05\/DSC2888.jpg"},"url":"https:\/\/q-nst.de\/blog\/author\/peter\/"}]}},"_links":{"self":[{"href":"https:\/\/q-nst.de\/blog\/wp-json\/wp\/v2\/posts\/568","targetHints":{"allow":["GET"]}}],"collection":[{"href":"https:\/\/q-nst.de\/blog\/wp-json\/wp\/v2\/posts"}],"about":[{"href":"https:\/\/q-nst.de\/blog\/wp-json\/wp\/v2\/types\/post"}],"author":[{"embeddable":true,"href":"https:\/\/q-nst.de\/blog\/wp-json\/wp\/v2\/users\/3"}],"replies":[{"embeddable":true,"href":"https:\/\/q-nst.de\/blog\/wp-json\/wp\/v2\/comments?post=568"}],"version-history":[{"count":4,"href":"https:\/\/q-nst.de\/blog\/wp-json\/wp\/v2\/posts\/568\/revisions"}],"predecessor-version":[{"id":572,"href":"https:\/\/q-nst.de\/blog\/wp-json\/wp\/v2\/posts\/568\/revisions\/572"}],"wp:attachment":[{"href":"https:\/\/q-nst.de\/blog\/wp-json\/wp\/v2\/media?parent=568"}],"wp:term":[{"taxonomy":"category","embeddable":true,"href":"https:\/\/q-nst.de\/blog\/wp-json\/wp\/v2\/categories?post=568"},{"taxonomy":"post_tag","embeddable":true,"href":"https:\/\/q-nst.de\/blog\/wp-json\/wp\/v2\/tags?post=568"}],"curies":[{"name":"wp","href":"https:\/\/api.w.org\/{rel}","templated":true}]}}