{"id":134,"date":"2015-10-28T01:38:15","date_gmt":"2015-10-28T00:38:15","guid":{"rendered":"http:\/\/q-nst.de\/blog\/?p=134"},"modified":"2023-04-22T03:34:36","modified_gmt":"2023-04-22T01:34:36","slug":"hillbilly-mountain","status":"publish","type":"post","link":"https:\/\/q-nst.de\/blog\/hillbilly-mountain\/","title":{"rendered":"Hillbilly\u00b4s Mountain"},"content":{"rendered":"<div id=\"pl-134\"  class=\"panel-layout\" ><div id=\"pg-134-0\"  class=\"panel-grid panel-no-style\" ><div id=\"pgc-134-0-0\"  class=\"panel-grid-cell\" ><div id=\"panel-134-0-0-0\" class=\"so-panel widget widget_sow-editor panel-first-child panel-last-child\" data-index=\"0\" ><div\n\t\t\t\n\t\t\tclass=\"so-widget-sow-editor so-widget-sow-editor-base\"\n\t\t\t\n\t\t>\n<div class=\"siteorigin-widget-tinymce textwidget\">\n\t<h2>Bad day, bad pictures?<\/h2>\n<div>\u00a0<\/div>\n<div>Schlecht gelaunt aufzuwachen zwingt einen zur Entscheidung:<\/div>\n<div>\u00a0<\/div>\n<div>a) alle Pl\u00e4ne fallen lassen und sich sp\u00e4ter \u00e4rgern, alle Pl\u00e4ne fallen gelassen zu haben und damit einen kompletten Tag den Gulli hinunter gesp\u00fclt zu haben.<\/div>\n<div>b) murrend, ungeduldig und b\u00f6se Blicke um sich werfend trotzdem zu tun, was man sich vorgenommen hat.<\/div>\n<div>\u00a0<\/div>\n<div>F\u00fcr Variante b) haben wir einen Spezialisten im Haus, der zuf\u00e4llig auch der Spezialist f\u00fcr Nassplattenfotografie ist und sich f\u00fcr den heutigen Tag vorgenommen hatte mindestens 1 Landschaftsfoto in den sprichw\u00f6rtlichen Kasten zu bringen. Als Assistentin bin ich an schlechte Launen gew\u00f6hnt (die von ihm und meine eigenen) und wei\u00df daher damit umzugehen, d.h. sie zu ignorieren, Fl\u00fcche, b\u00f6se Blicke usw. nicht pers\u00f6nlich zu nehmen (weder seine, noch meine) und einfach davon auszugehen, dass die dunklen Psychowolken irgendwann wieder verschwinden.<\/div>\n<div>\u00a0<\/div>\n<div>Es war ein wundersch\u00f6ner Herbsttag mit Sonnenschein, milden Temperaturen und bunten Bl\u00e4ttern (perfekt also f\u00fcr Schwarzwei\u00dfphotographie), den sich Peter f\u00fcr seine schlechte Laune ausgesucht hatte und wir starteten trotzdem die Aktion \u201cLandschaftsfoto\u201d \u2013 was in Franken der besonderen Herausforderung gleichkommt irgendwo etwas zu finden, das das Attribut Landschaft \u00fcberhaupt verdient. Ich pers\u00f6nlich fotografiere bevorzugt (digital) genau das, was die hiesige Landschaft besonders kennzeichnet \u2013 Ackerfl\u00e4chen, angeschnittene Ackerfl\u00e4chen, Ackerfl\u00e4chen zu verschiedenen Jahreszeiten und in verschiedenen Lichtstimmungen.<\/div>\n<div>Peter wollte aber nicht ganz so reduzierte Bilder produzieren und so haben wir uns f\u00fcr einen Standort oberhalb K\u00f6nigsbergs entschieden, in der der N\u00e4he des Schafhofes, am Rande der langgestreckten W\u00e4lder (die als Kind von mir die \u201cewigen W\u00e4lder\u201d genannt wurden, als ich noch nicht wusste, wie wenig Ewigkeit gerade einem Wald zuteil wird) und mit Blick auf eine seltene Reihe hoher Pappelb\u00e4ume, die dort einen Weg s\u00e4umen.<\/div>\n<div>Ja, vielleicht ist es gut, dieses Motiv zu w\u00e4hlen und diese markante Baumreihe mit einem so aufw\u00e4ndig hergestellten Bild zu ehren, denn die Pappeln sind schon recht alt, gro\u00df und m\u00e4chtig \u2013 und deshalb prima Holzlieferanten, wie es hier jeder- und ausnahmslos <em>jeder<\/em> \u2013 Baum ist, den man in unserer Gemeinde finden kann. Baum = Holz, evtl. auch Hackschnitzelholz, aber auf jeden Fall ein Fall zum F\u00e4llen und es ist eigentlich schon ein Wunder, dass diese Pappel-B\u00e4ume noch stehen, da ihr Stammdurchschnitt die 30 cm l\u00e4ngst \u00fcberschritten hat, \u00fcber dem hier alles kurz und klein gehackt wird, was sich baumartig zu entfalten droht. (Man lasse sich von den \u00fcppig aussehenden W\u00e4ldern nicht t\u00e4uschen \u2013 \u00fcppig sind sie nur von der Ferne, betritt man sie, findet man sich in einem Forst aus zahnstocherd\u00fcnnen Jungb\u00e4umen wieder, aus dem alles geraubt wurde, was verwertbar ist).<\/div>\n<div>\u00a0<\/div>\n<div>Es ward also mit M\u00fche, Fantasie und genauer Ortskenntnis tats\u00e4chlich ein St\u00fcck Landschaft ausgemacht, das zu fotografieren es wert war und es folgten die \u00fcblichen Vorbereitungen.<\/div>\n<div>Ehrlich gesagt, wei\u00df ich nicht genau, was Peter alles vorbereitet, da ich mich aus dem Laborkram heraushalte \u2013 aber er hantiert meist eine Stunde herum, ehe es soweit ist und er daran geht, die n\u00f6tigen Utensilien in die Laborkiste zu packen, plus alle weiteren n\u00f6tigen Utensilien, was eine Liste von gef\u00fchlt 1999 verschiedenen, unabdinglichen, gr\u00f6\u00dferen und kleineren Dingen ergibt, welche alle und zwar <em>ausnahmslos<\/em> n\u00f6tig sind um ein einziges, unscheinbares Bild auf Platte herzustellen. Wehe man vergisst etwas. Dann wird das nix mit dem Bild und man kann gleich wieder einpacken, nachdem man eine Stunde lang ausgepackt und aufgebaut hat, um schlie\u00dflich zu merken, dass etwas fehlt (ist schon passiert \u2013 weil alles Schlechte, das passieren kann ja auch zuverl\u00e4ssig passiert, wohingegen alles Gute, das passieren k\u00f6nnte, leider niemals passiert \u2013 weshalb ich Gott f\u00fcr einen gewaltigen Schelm halte, der es faustiger hinter den Ohren hat als Goethes Faust pers\u00f6nlich!).<\/div>\n<div>\u00a0<\/div>\n<div>Also, wenn Peter soweit ist, braucht er mich (ausgerechnet), um die schwere Kiste die Atelierstufen hinab zu bugsieren und ins Auto zu hieven, wo sie auf den Millimeter genau hineinpasst. Ich glaube, ich habe mir bei dieser Aktion diesmal einen Lendenwirbel ausgerenkt \u2013 aber f\u00fcr ein Landschaftsfoto opfert man doch gerne den einen oder anderen Wirbel - ohne heroischen Aufopferungswillen wird es n\u00e4mlich auch nichts mit dieser Sorte Fotografie (was ein Indiz daf\u00fcr sein k\u00f6nnte, warum es so wenige Nassplattenfotografen gibt).<\/div>\n<div>Wenn das dann geschafft ist, Laborkiste, Fahrradanh\u00e4nger und Kamera ins Auto gequetscht sind und wir uns dazu gequetscht haben (dies ist keine Anspielung auf unsere Figur, sondern auf den mickrigen Wagen), kann es losgehen. Die Tage ab Herbst und bis Fr\u00fchjahr bieten f\u00fcr Sp\u00e4taufsteher ein Zeitfenster, das so kurz erscheint, wie die Lichtausbeute eines Kometen \u2013 also hei\u00dft es schnell sein, die Sonne rast, jede Minute ist kostbar.<\/div>\n<div>\u00a0<\/div>\n<div>Da Peter mit dem Aufbau des Labors bereits Routine hat, mische ich mich mit unprofessionellen Handgriffen nicht ein und nutze statt dessen die Gelegenheit, die Aktion und die umliegende Ausnahme-Landschaft digital-banal-fotografisch zu dokumentieren und den Hochlandrindern einen Besuch abzustatten, die in der N\u00e4he (hinter Elektrozaun, aber sehr naturnah) bis zu ihrem gewaltsamen Tod friedlich grasen (muss man ja mal sagen d\u00fcrfe, als Vegetarier).<\/div>\n<div>\u00a0<\/div>\n<div>Allen Zweifeln zum Trotz macht das Motiv etwas her. Der Rest ist bekannt, der gleiche Ablauf wie immer: Platte beschichten, sensibilisieren, belichten \u2013 hoffen \u2013 und entwickeln. Dann das Ergebnis be\u00e4ugen, beurteilen, besprechen, wieder be\u00e4ugen und nach dreimaligem W\u00e4ssern trocknen.<\/div>\n<div>Ich finde das Bild super. Peter zweifelt. Ich finde es immer noch super. Peter pr\u00fcft. Ich bin sicher, dass es super ist. Peter stimmt vorsichtig zu. <em>Ein super Bild!<\/em><\/div>\n<div>\u00a0<\/div>\n<div>Weil Nr. 1 also gut geworden ist und die Sonne noch immer \u00fcber dem Horizont steht (wenn auch schon bedrohlich tief) entscheiden wir uns f\u00fcr ein zweites Motiv \u2013 etwas gewagtes, etwas irrwitziges, etwas, das eigentlich unm\u00f6glich ist: die Hochlandrinder. Bewegliche Objekte also. Zu dem Zeitpunkt meiner Beobachtung bewegten sie sich nur m\u00e4\u00dfig, beinahe nur die K\u00f6pfe, indem sie Gras zuerst rupften und dann gem\u00e4chlich kauten. Man k\u00f6nnte ja Gl\u00fcck haben und sie blieben so, dachte ich, dann k\u00f6nnte es klappen, dann h\u00e4tten wir tats\u00e4chlich ein Foto von diesen urigen Viechern mit ihrem zotteligen Fell, den gro\u00dfen, glupschigen Augen und den riesigen feuchten Nasen mit denen sie Spazierg\u00e4nger von der Ferne laut schnuppern auf den Besitz von \u00c4pfeln hin pr\u00fcfen.<\/div>\n<div>Ich hatte keine \u00c4pfel dabei, also bleiben die Tiere grasend stehen wo sie waren und wir postierten die Kamera. W\u00e4hrend Peter im Labor zum Vorbereiten der Platte verwand, war es mein Part die Tiere im Visier zu behalten, die Kamera bei Bedarf nachzuf\u00fchren und erneut scharf zu stellen, wenn der entscheidende Moment n\u00e4her r\u00fcckte. Als der Moment n\u00e4her r\u00fcckte, r\u00fcckte jedoch auch etwas anders n\u00e4her, die Tiere hatten sich in Bewegung gesetzt und trotteten langsam \u00fcber die Wiese. Gnadenlos f\u00fchrte ich die Kamera nach, aber es half nichts, die Sekunden, in der Platte belichtet werden muss sind gez\u00e4hlte \u2013 also komme was wolle wurde die Platte aufgesetzt und der Objektivdeckel gel\u00fcftet \u2013 Tiere hin oder her, Bild ist Bild.<\/div>\n<div>Was soll man sagen \u2013 ein bewegliches Objekt bewegt sich mitunter und so haben wir ein bewegtes Bild \u2013 und ich muss sagen \u2013 ich finde es super! Gerade, weil wir es so nicht gemacht h\u00e4tten \u2013 die Tiere nicht h\u00fcbsch mittig, sondern aus dem Bild laufend, der eine Rinderkopf abgeschnitten, der andere aus der Bewegung heraus in Unsch\u00e4rfe getaucht.<\/div>\n<div>Spannend! Und so <em>konsequent authentisch<\/em> wie das wahre Leben eben ist \u2013 besonders das eines Fotografen der sich der Technik des 19. Jahrhunderts bedient. Selbst schuld \u2013 aber wer hat schon solche Ergebnisse? M\u00fchsame der Technik, der Natur und dem launigen Moment abgetrotzte Aufnahmen eines unbedeutenden Augenblicks, der dadurch in die Zeitgeschichte eingeht und seine eigene, eigensinnige Bedeutung gewinnt \u2013 das ist Nassplattenfotografie.<\/div>\n<div>\u00a0<\/div>\n<div>Was wird als Ernte der Anstrengungen (die schlechte Laune zu \u00fcberwinden) nach Hause bringen durften, sind diesmal \u00fcbrigens keine Ambrotypien (obwohl auf Glas) sondern Negative (was durch eine andere Handhabung im chemischen Prozess und eine l\u00e4ngere Belichtung erreicht wird), denn Peter m\u00f6chte davon Abz\u00fcge machen und daf\u00fcr verschiedene historische Techniken zur Anwendung bringen.<\/div>\n<div>Mehr dar\u00fcber in unserem Blog, wenn es geklappt hat....<\/div>\n<div>\u00a0<\/div>\n<div>Fazit: Bad day, good pictures! \ud83d\ude09<\/div>\n<\/div>\n<\/div><\/div><\/div><div id=\"pgc-134-0-1\"  class=\"panel-grid-cell\" ><div id=\"panel-134-0-1-0\" class=\"so-panel widget widget_sow-editor panel-first-child panel-last-child\" data-index=\"1\" ><div\n\t\t\t\n\t\t\tclass=\"so-widget-sow-editor so-widget-sow-editor-base\"\n\t\t\t\n\t\t>\n<div class=\"siteorigin-widget-tinymce textwidget\">\n\t<p>\u00a0<\/p>\n<p><figure id=\"attachment_141\" aria-describedby=\"caption-attachment-141\" style=\"width: 800px\" class=\"wp-caption alignnone\"><a href=\"http:\/\/q-nst.de\/blog\/wp-content\/uploads\/2015\/10\/DSC08417.jpg\"><img loading=\"lazy\" decoding=\"async\" class=\"wp-image-141 size-full\" src=\"http:\/\/q-nst.de\/blog\/wp-content\/uploads\/2015\/10\/DSC08417.jpg\" alt=\"Aufbau\" width=\"800\" height=\"533\" srcset=\"https:\/\/q-nst.de\/blog\/wp-content\/uploads\/2015\/10\/DSC08417.jpg 800w, https:\/\/q-nst.de\/blog\/wp-content\/uploads\/2015\/10\/DSC08417-300x200.jpg 300w, https:\/\/q-nst.de\/blog\/wp-content\/uploads\/2015\/10\/DSC08417-700x466.jpg 700w, https:\/\/q-nst.de\/blog\/wp-content\/uploads\/2015\/10\/DSC08417-410x273.jpg 410w, https:\/\/q-nst.de\/blog\/wp-content\/uploads\/2015\/10\/DSC08417-100x67.jpg 100w, https:\/\/q-nst.de\/blog\/wp-content\/uploads\/2015\/10\/DSC08417-275x183.jpg 275w, https:\/\/q-nst.de\/blog\/wp-content\/uploads\/2015\/10\/DSC08417-272x182.jpg 272w\" sizes=\"auto, (max-width: 800px) 100vw, 800px\" \/><\/a><figcaption id=\"caption-attachment-141\" class=\"wp-caption-text\">Aufbau der Dunkelkammer<\/figcaption><\/figure><figure id=\"attachment_142\" aria-describedby=\"caption-attachment-142\" style=\"width: 800px\" class=\"wp-caption alignnone\"><a href=\"http:\/\/q-nst.de\/blog\/wp-content\/uploads\/2015\/10\/DSC08422.jpg\"><img loading=\"lazy\" decoding=\"async\" class=\"wp-image-142 size-full\" src=\"http:\/\/q-nst.de\/blog\/wp-content\/uploads\/2015\/10\/DSC08422.jpg\" alt=\"DSC08422\" width=\"800\" height=\"533\" srcset=\"https:\/\/q-nst.de\/blog\/wp-content\/uploads\/2015\/10\/DSC08422.jpg 800w, https:\/\/q-nst.de\/blog\/wp-content\/uploads\/2015\/10\/DSC08422-300x200.jpg 300w, https:\/\/q-nst.de\/blog\/wp-content\/uploads\/2015\/10\/DSC08422-700x466.jpg 700w, https:\/\/q-nst.de\/blog\/wp-content\/uploads\/2015\/10\/DSC08422-410x273.jpg 410w, https:\/\/q-nst.de\/blog\/wp-content\/uploads\/2015\/10\/DSC08422-100x67.jpg 100w, https:\/\/q-nst.de\/blog\/wp-content\/uploads\/2015\/10\/DSC08422-275x183.jpg 275w, https:\/\/q-nst.de\/blog\/wp-content\/uploads\/2015\/10\/DSC08422-272x182.jpg 272w\" sizes=\"auto, (max-width: 800px) 100vw, 800px\" \/><\/a><figcaption id=\"caption-attachment-142\" class=\"wp-caption-text\">Wenn Chemie, Entwicklerschalen und all der n\u00f6tige Kleinkram aus der Kiste auger\u00e4umt sind, kann der Zwischenboden eingelegt werden, der im Labor als Arbeitsfl\u00e4che dient.<\/figcaption><\/figure><figure id=\"attachment_143\" aria-describedby=\"caption-attachment-143\" style=\"width: 800px\" class=\"wp-caption alignnone\"><a href=\"http:\/\/q-nst.de\/blog\/wp-content\/uploads\/2015\/10\/DSC08427.jpg\"><img loading=\"lazy\" decoding=\"async\" class=\"wp-image-143 size-full\" src=\"http:\/\/q-nst.de\/blog\/wp-content\/uploads\/2015\/10\/DSC08427.jpg\" alt=\"DSC08427\" width=\"800\" height=\"533\" srcset=\"https:\/\/q-nst.de\/blog\/wp-content\/uploads\/2015\/10\/DSC08427.jpg 800w, https:\/\/q-nst.de\/blog\/wp-content\/uploads\/2015\/10\/DSC08427-300x200.jpg 300w, https:\/\/q-nst.de\/blog\/wp-content\/uploads\/2015\/10\/DSC08427-700x466.jpg 700w, https:\/\/q-nst.de\/blog\/wp-content\/uploads\/2015\/10\/DSC08427-410x273.jpg 410w, https:\/\/q-nst.de\/blog\/wp-content\/uploads\/2015\/10\/DSC08427-100x67.jpg 100w, https:\/\/q-nst.de\/blog\/wp-content\/uploads\/2015\/10\/DSC08427-275x183.jpg 275w, https:\/\/q-nst.de\/blog\/wp-content\/uploads\/2015\/10\/DSC08427-272x182.jpg 272w\" sizes=\"auto, (max-width: 800px) 100vw, 800px\" \/><\/a><figcaption id=\"caption-attachment-143\" class=\"wp-caption-text\">Silbernitratl\u00f6sung und Fixierbad werden in die Plexiglasgef\u00e4\u00dfe gef\u00fcllt.<\/figcaption><\/figure><figure id=\"attachment_145\" aria-describedby=\"caption-attachment-145\" style=\"width: 800px\" class=\"wp-caption alignnone\"><a href=\"http:\/\/q-nst.de\/blog\/wp-content\/uploads\/2015\/10\/DSC08435.jpg\"><img loading=\"lazy\" decoding=\"async\" class=\"wp-image-145 size-full\" src=\"http:\/\/q-nst.de\/blog\/wp-content\/uploads\/2015\/10\/DSC08435.jpg\" alt=\"DSC08435\" width=\"800\" height=\"533\" srcset=\"https:\/\/q-nst.de\/blog\/wp-content\/uploads\/2015\/10\/DSC08435.jpg 800w, https:\/\/q-nst.de\/blog\/wp-content\/uploads\/2015\/10\/DSC08435-300x200.jpg 300w, https:\/\/q-nst.de\/blog\/wp-content\/uploads\/2015\/10\/DSC08435-700x466.jpg 700w, https:\/\/q-nst.de\/blog\/wp-content\/uploads\/2015\/10\/DSC08435-410x273.jpg 410w, https:\/\/q-nst.de\/blog\/wp-content\/uploads\/2015\/10\/DSC08435-100x67.jpg 100w, https:\/\/q-nst.de\/blog\/wp-content\/uploads\/2015\/10\/DSC08435-275x183.jpg 275w, https:\/\/q-nst.de\/blog\/wp-content\/uploads\/2015\/10\/DSC08435-272x182.jpg 272w\" sizes=\"auto, (max-width: 800px) 100vw, 800px\" \/><\/a><figcaption id=\"caption-attachment-145\" class=\"wp-caption-text\">Wenn das schwarze, Tuch lichtdicht \u00fcber dem Labor angebracht und alles einger\u00e4umt ist, kann es losgehen.<\/figcaption><\/figure><figure id=\"attachment_144\" aria-describedby=\"caption-attachment-144\" style=\"width: 800px\" class=\"wp-caption alignnone\"><a href=\"http:\/\/q-nst.de\/blog\/wp-content\/uploads\/2015\/10\/DSC08430.jpg\"><img loading=\"lazy\" decoding=\"async\" class=\"wp-image-144 size-full\" src=\"http:\/\/q-nst.de\/blog\/wp-content\/uploads\/2015\/10\/DSC08430.jpg\" alt=\"DSC08430\" width=\"800\" height=\"533\" srcset=\"https:\/\/q-nst.de\/blog\/wp-content\/uploads\/2015\/10\/DSC08430.jpg 800w, https:\/\/q-nst.de\/blog\/wp-content\/uploads\/2015\/10\/DSC08430-300x200.jpg 300w, https:\/\/q-nst.de\/blog\/wp-content\/uploads\/2015\/10\/DSC08430-700x466.jpg 700w, https:\/\/q-nst.de\/blog\/wp-content\/uploads\/2015\/10\/DSC08430-410x273.jpg 410w, https:\/\/q-nst.de\/blog\/wp-content\/uploads\/2015\/10\/DSC08430-100x67.jpg 100w, https:\/\/q-nst.de\/blog\/wp-content\/uploads\/2015\/10\/DSC08430-275x183.jpg 275w, https:\/\/q-nst.de\/blog\/wp-content\/uploads\/2015\/10\/DSC08430-272x182.jpg 272w\" sizes=\"auto, (max-width: 800px) 100vw, 800px\" \/><\/a><figcaption id=\"caption-attachment-144\" class=\"wp-caption-text\">Blick in die andere Richtung mit unserem Auto und der Kamera.<\/figcaption><\/figure><figure id=\"attachment_146\" aria-describedby=\"caption-attachment-146\" style=\"width: 800px\" class=\"wp-caption alignnone\"><a href=\"http:\/\/q-nst.de\/blog\/wp-content\/uploads\/2015\/10\/DSC08442.jpg\"><img loading=\"lazy\" decoding=\"async\" class=\"wp-image-146 size-full\" src=\"http:\/\/q-nst.de\/blog\/wp-content\/uploads\/2015\/10\/DSC08442.jpg\" alt=\"DSC08442\" width=\"800\" height=\"1200\" srcset=\"https:\/\/q-nst.de\/blog\/wp-content\/uploads\/2015\/10\/DSC08442.jpg 800w, https:\/\/q-nst.de\/blog\/wp-content\/uploads\/2015\/10\/DSC08442-200x300.jpg 200w, https:\/\/q-nst.de\/blog\/wp-content\/uploads\/2015\/10\/DSC08442-683x1024.jpg 683w, https:\/\/q-nst.de\/blog\/wp-content\/uploads\/2015\/10\/DSC08442-700x1050.jpg 700w, https:\/\/q-nst.de\/blog\/wp-content\/uploads\/2015\/10\/DSC08442-410x615.jpg 410w, https:\/\/q-nst.de\/blog\/wp-content\/uploads\/2015\/10\/DSC08442-100x150.jpg 100w, https:\/\/q-nst.de\/blog\/wp-content\/uploads\/2015\/10\/DSC08442-275x413.jpg 275w\" sizes=\"auto, (max-width: 800px) 100vw, 800px\" \/><\/a><figcaption id=\"caption-attachment-146\" class=\"wp-caption-text\">Wenn das Motiv gefunden, die Kamera eingerichtet und scharfgestellt wurde, kann die Platte beschichtet werden. F\u00fcr ein Nassplatten-Negativ wird eine Glasplatte gebraucht und zuerst - wie immer - mit Collodium \u00fcbergossen.<\/figcaption><\/figure><figure id=\"attachment_147\" aria-describedby=\"caption-attachment-147\" style=\"width: 800px\" class=\"wp-caption alignnone\"><a href=\"http:\/\/q-nst.de\/blog\/wp-content\/uploads\/2015\/10\/DSC08448.jpg\"><img loading=\"lazy\" decoding=\"async\" class=\"wp-image-147 size-full\" src=\"http:\/\/q-nst.de\/blog\/wp-content\/uploads\/2015\/10\/DSC08448.jpg\" alt=\"DSC08448\" width=\"800\" height=\"1200\" srcset=\"https:\/\/q-nst.de\/blog\/wp-content\/uploads\/2015\/10\/DSC08448.jpg 800w, https:\/\/q-nst.de\/blog\/wp-content\/uploads\/2015\/10\/DSC08448-200x300.jpg 200w, https:\/\/q-nst.de\/blog\/wp-content\/uploads\/2015\/10\/DSC08448-683x1024.jpg 683w, https:\/\/q-nst.de\/blog\/wp-content\/uploads\/2015\/10\/DSC08448-700x1050.jpg 700w, https:\/\/q-nst.de\/blog\/wp-content\/uploads\/2015\/10\/DSC08448-410x615.jpg 410w, https:\/\/q-nst.de\/blog\/wp-content\/uploads\/2015\/10\/DSC08448-100x150.jpg 100w, https:\/\/q-nst.de\/blog\/wp-content\/uploads\/2015\/10\/DSC08448-275x413.jpg 275w\" sizes=\"auto, (max-width: 800px) 100vw, 800px\" \/><\/a><figcaption id=\"caption-attachment-147\" class=\"wp-caption-text\">Der Entwickler steht auch schon bereit, da er sofort gebraucht wird, wenn die belichtete Platte im Labor aus dem Plattenhalter geholt wird.<\/figcaption><\/figure><figure id=\"attachment_148\" aria-describedby=\"caption-attachment-148\" style=\"width: 800px\" class=\"wp-caption alignnone\"><a href=\"http:\/\/q-nst.de\/blog\/wp-content\/uploads\/2015\/10\/DSC08453.jpg\"><img loading=\"lazy\" decoding=\"async\" class=\"wp-image-148 size-full\" src=\"http:\/\/q-nst.de\/blog\/wp-content\/uploads\/2015\/10\/DSC08453.jpg\" alt=\"DSC08453\" width=\"800\" height=\"533\" srcset=\"https:\/\/q-nst.de\/blog\/wp-content\/uploads\/2015\/10\/DSC08453.jpg 800w, https:\/\/q-nst.de\/blog\/wp-content\/uploads\/2015\/10\/DSC08453-300x200.jpg 300w, https:\/\/q-nst.de\/blog\/wp-content\/uploads\/2015\/10\/DSC08453-700x466.jpg 700w, https:\/\/q-nst.de\/blog\/wp-content\/uploads\/2015\/10\/DSC08453-410x273.jpg 410w, https:\/\/q-nst.de\/blog\/wp-content\/uploads\/2015\/10\/DSC08453-100x67.jpg 100w, https:\/\/q-nst.de\/blog\/wp-content\/uploads\/2015\/10\/DSC08453-275x183.jpg 275w, https:\/\/q-nst.de\/blog\/wp-content\/uploads\/2015\/10\/DSC08453-272x182.jpg 272w\" sizes=\"auto, (max-width: 800px) 100vw, 800px\" \/><\/a><figcaption id=\"caption-attachment-148\" class=\"wp-caption-text\">Der Plattenhalter mit der jetzt lichtempfindlichen Platte wird auf die Kamerar\u00fcckseite aufgesetzt, die Trennwand hochgeschoben und der Objektivdeckel f\u00fcr die Belichtung gel\u00fcftet.<\/figcaption><\/figure><figure id=\"attachment_149\" aria-describedby=\"caption-attachment-149\" style=\"width: 800px\" class=\"wp-caption alignnone\"><a href=\"http:\/\/q-nst.de\/blog\/wp-content\/uploads\/2015\/10\/DSC08455.jpg\"><img loading=\"lazy\" decoding=\"async\" class=\"wp-image-149 size-full\" src=\"http:\/\/q-nst.de\/blog\/wp-content\/uploads\/2015\/10\/DSC08455.jpg\" alt=\"DSC08455\" width=\"800\" height=\"1200\" srcset=\"https:\/\/q-nst.de\/blog\/wp-content\/uploads\/2015\/10\/DSC08455.jpg 800w, https:\/\/q-nst.de\/blog\/wp-content\/uploads\/2015\/10\/DSC08455-200x300.jpg 200w, https:\/\/q-nst.de\/blog\/wp-content\/uploads\/2015\/10\/DSC08455-683x1024.jpg 683w, https:\/\/q-nst.de\/blog\/wp-content\/uploads\/2015\/10\/DSC08455-700x1050.jpg 700w, https:\/\/q-nst.de\/blog\/wp-content\/uploads\/2015\/10\/DSC08455-410x615.jpg 410w, https:\/\/q-nst.de\/blog\/wp-content\/uploads\/2015\/10\/DSC08455-100x150.jpg 100w, https:\/\/q-nst.de\/blog\/wp-content\/uploads\/2015\/10\/DSC08455-275x413.jpg 275w\" sizes=\"auto, (max-width: 800px) 100vw, 800px\" \/><\/a><figcaption id=\"caption-attachment-149\" class=\"wp-caption-text\">Das Glasnegativ im Fixierbad.<\/figcaption><\/figure><figure id=\"attachment_150\" aria-describedby=\"caption-attachment-150\" style=\"width: 800px\" class=\"wp-caption alignnone\"><a href=\"http:\/\/q-nst.de\/blog\/wp-content\/uploads\/2015\/10\/DSC08456.jpg\"><img loading=\"lazy\" decoding=\"async\" class=\"wp-image-150 size-full\" src=\"http:\/\/q-nst.de\/blog\/wp-content\/uploads\/2015\/10\/DSC08456.jpg\" alt=\"DSC08456\" width=\"800\" height=\"533\" srcset=\"https:\/\/q-nst.de\/blog\/wp-content\/uploads\/2015\/10\/DSC08456.jpg 800w, https:\/\/q-nst.de\/blog\/wp-content\/uploads\/2015\/10\/DSC08456-300x200.jpg 300w, https:\/\/q-nst.de\/blog\/wp-content\/uploads\/2015\/10\/DSC08456-700x466.jpg 700w, https:\/\/q-nst.de\/blog\/wp-content\/uploads\/2015\/10\/DSC08456-410x273.jpg 410w, https:\/\/q-nst.de\/blog\/wp-content\/uploads\/2015\/10\/DSC08456-100x67.jpg 100w, https:\/\/q-nst.de\/blog\/wp-content\/uploads\/2015\/10\/DSC08456-275x183.jpg 275w, https:\/\/q-nst.de\/blog\/wp-content\/uploads\/2015\/10\/DSC08456-272x182.jpg 272w\" sizes=\"auto, (max-width: 800px) 100vw, 800px\" \/><\/a><figcaption id=\"caption-attachment-150\" class=\"wp-caption-text\">Das Glasbild in der W\u00e4sserungsschale - die Landschaft ist eingefangen...<\/figcaption><\/figure><figure id=\"attachment_151\" aria-describedby=\"caption-attachment-151\" style=\"width: 800px\" class=\"wp-caption alignnone\"><a href=\"http:\/\/q-nst.de\/blog\/wp-content\/uploads\/2015\/10\/DSC08460.jpg\"><img loading=\"lazy\" decoding=\"async\" class=\"wp-image-151 size-full\" src=\"http:\/\/q-nst.de\/blog\/wp-content\/uploads\/2015\/10\/DSC08460.jpg\" alt=\"DSC08460\" width=\"800\" height=\"533\" srcset=\"https:\/\/q-nst.de\/blog\/wp-content\/uploads\/2015\/10\/DSC08460.jpg 800w, https:\/\/q-nst.de\/blog\/wp-content\/uploads\/2015\/10\/DSC08460-300x200.jpg 300w, https:\/\/q-nst.de\/blog\/wp-content\/uploads\/2015\/10\/DSC08460-700x466.jpg 700w, https:\/\/q-nst.de\/blog\/wp-content\/uploads\/2015\/10\/DSC08460-410x273.jpg 410w, https:\/\/q-nst.de\/blog\/wp-content\/uploads\/2015\/10\/DSC08460-100x67.jpg 100w, https:\/\/q-nst.de\/blog\/wp-content\/uploads\/2015\/10\/DSC08460-275x183.jpg 275w, https:\/\/q-nst.de\/blog\/wp-content\/uploads\/2015\/10\/DSC08460-272x182.jpg 272w\" sizes=\"auto, (max-width: 800px) 100vw, 800px\" \/><\/a><figcaption id=\"caption-attachment-151\" class=\"wp-caption-text\">Gelegentlich liegt ein leichter Silberschleier \u00fcber dem Bild, der noch im Wasserbad durch sanftes Reiben entfernt wird.<\/figcaption><\/figure><figure id=\"attachment_153\" aria-describedby=\"caption-attachment-153\" style=\"width: 800px\" class=\"wp-caption alignnone\"><a href=\"http:\/\/q-nst.de\/blog\/wp-content\/uploads\/2015\/10\/DSC08462.jpg\"><img loading=\"lazy\" decoding=\"async\" class=\"wp-image-153 size-full\" src=\"http:\/\/q-nst.de\/blog\/wp-content\/uploads\/2015\/10\/DSC08462.jpg\" alt=\"DSC08462\" width=\"800\" height=\"533\" srcset=\"https:\/\/q-nst.de\/blog\/wp-content\/uploads\/2015\/10\/DSC08462.jpg 800w, https:\/\/q-nst.de\/blog\/wp-content\/uploads\/2015\/10\/DSC08462-300x200.jpg 300w, https:\/\/q-nst.de\/blog\/wp-content\/uploads\/2015\/10\/DSC08462-700x466.jpg 700w, https:\/\/q-nst.de\/blog\/wp-content\/uploads\/2015\/10\/DSC08462-410x273.jpg 410w, https:\/\/q-nst.de\/blog\/wp-content\/uploads\/2015\/10\/DSC08462-100x67.jpg 100w, https:\/\/q-nst.de\/blog\/wp-content\/uploads\/2015\/10\/DSC08462-275x183.jpg 275w, https:\/\/q-nst.de\/blog\/wp-content\/uploads\/2015\/10\/DSC08462-272x182.jpg 272w\" sizes=\"auto, (max-width: 800px) 100vw, 800px\" \/><\/a><figcaption id=\"caption-attachment-153\" class=\"wp-caption-text\">Das fertige Glas-Negativ wird nach dem 3. Wasserwechseln zum Trocknen herausgenommen.<\/figcaption><\/figure><figure id=\"attachment_152\" aria-describedby=\"caption-attachment-152\" style=\"width: 800px\" class=\"wp-caption alignnone\"><a href=\"http:\/\/q-nst.de\/blog\/wp-content\/uploads\/2015\/10\/DSC08461.jpg\"><img loading=\"lazy\" decoding=\"async\" class=\"wp-image-152 size-full\" src=\"http:\/\/q-nst.de\/blog\/wp-content\/uploads\/2015\/10\/DSC08461.jpg\" alt=\"DSC08461\" width=\"800\" height=\"533\" srcset=\"https:\/\/q-nst.de\/blog\/wp-content\/uploads\/2015\/10\/DSC08461.jpg 800w, https:\/\/q-nst.de\/blog\/wp-content\/uploads\/2015\/10\/DSC08461-300x200.jpg 300w, https:\/\/q-nst.de\/blog\/wp-content\/uploads\/2015\/10\/DSC08461-700x466.jpg 700w, https:\/\/q-nst.de\/blog\/wp-content\/uploads\/2015\/10\/DSC08461-410x273.jpg 410w, https:\/\/q-nst.de\/blog\/wp-content\/uploads\/2015\/10\/DSC08461-100x67.jpg 100w, https:\/\/q-nst.de\/blog\/wp-content\/uploads\/2015\/10\/DSC08461-275x183.jpg 275w, https:\/\/q-nst.de\/blog\/wp-content\/uploads\/2015\/10\/DSC08461-272x182.jpg 272w\" sizes=\"auto, (max-width: 800px) 100vw, 800px\" \/><\/a><figcaption id=\"caption-attachment-152\" class=\"wp-caption-text\">Kontrolle des Bildes vor einem schwarzen Hintergrund. Perfekt! F\u00fcr ein Glas-Negativ muss die Silberschicht dichter sein als f\u00fcr eine Ambrotypie.<\/figcaption><\/figure><figure id=\"attachment_154\" aria-describedby=\"caption-attachment-154\" style=\"width: 800px\" class=\"wp-caption alignnone\"><a href=\"http:\/\/q-nst.de\/blog\/wp-content\/uploads\/2015\/10\/DSC08466.jpg\"><img loading=\"lazy\" decoding=\"async\" class=\"wp-image-154 size-full\" src=\"http:\/\/q-nst.de\/blog\/wp-content\/uploads\/2015\/10\/DSC08466.jpg\" alt=\"DSC08466\" width=\"800\" height=\"533\" srcset=\"https:\/\/q-nst.de\/blog\/wp-content\/uploads\/2015\/10\/DSC08466.jpg 800w, https:\/\/q-nst.de\/blog\/wp-content\/uploads\/2015\/10\/DSC08466-300x200.jpg 300w, https:\/\/q-nst.de\/blog\/wp-content\/uploads\/2015\/10\/DSC08466-700x466.jpg 700w, https:\/\/q-nst.de\/blog\/wp-content\/uploads\/2015\/10\/DSC08466-410x273.jpg 410w, https:\/\/q-nst.de\/blog\/wp-content\/uploads\/2015\/10\/DSC08466-100x67.jpg 100w, https:\/\/q-nst.de\/blog\/wp-content\/uploads\/2015\/10\/DSC08466-275x183.jpg 275w, https:\/\/q-nst.de\/blog\/wp-content\/uploads\/2015\/10\/DSC08466-272x182.jpg 272w\" sizes=\"auto, (max-width: 800px) 100vw, 800px\" \/><\/a><figcaption id=\"caption-attachment-154\" class=\"wp-caption-text\">Und hier nochmal - im Durchlicht vor dem wundersch\u00f6nen blauen Himmel.<\/figcaption><\/figure><figure id=\"attachment_156\" aria-describedby=\"caption-attachment-156\" style=\"width: 1137px\" class=\"wp-caption alignnone\"><a href=\"http:\/\/q-nst.de\/blog\/wp-content\/uploads\/2015\/10\/auf-der-hoeh.jpg\"><img loading=\"lazy\" decoding=\"async\" class=\"wp-image-156 size-full\" src=\"http:\/\/q-nst.de\/blog\/wp-content\/uploads\/2015\/10\/auf-der-hoeh.jpg\" alt=\"auf-der-hoeh\" width=\"1137\" height=\"800\" srcset=\"https:\/\/q-nst.de\/blog\/wp-content\/uploads\/2015\/10\/auf-der-hoeh.jpg 1137w, https:\/\/q-nst.de\/blog\/wp-content\/uploads\/2015\/10\/auf-der-hoeh-300x211.jpg 300w, https:\/\/q-nst.de\/blog\/wp-content\/uploads\/2015\/10\/auf-der-hoeh-1024x720.jpg 1024w, https:\/\/q-nst.de\/blog\/wp-content\/uploads\/2015\/10\/auf-der-hoeh-700x493.jpg 700w, https:\/\/q-nst.de\/blog\/wp-content\/uploads\/2015\/10\/auf-der-hoeh-410x288.jpg 410w, https:\/\/q-nst.de\/blog\/wp-content\/uploads\/2015\/10\/auf-der-hoeh-100x70.jpg 100w, https:\/\/q-nst.de\/blog\/wp-content\/uploads\/2015\/10\/auf-der-hoeh-275x193.jpg 275w\" sizes=\"auto, (max-width: 1137px) 100vw, 1137px\" \/><\/a><figcaption id=\"caption-attachment-156\" class=\"wp-caption-text\">Nach dem Einscannen l\u00e4sst sich das Bild mittels Photoshop schonmal invertieren, so dass wir erahnen k\u00f6nnen, wie ein damit angefertigter Abzug aussehen k\u00f6nnte. Je nachdem mit welchem Verfahren ein Abzug vom Glasnegativ hergestellt wird, w\u00fcrden die Farben dann abweichen und Eigenheiten des Papiers k\u00f6nnten dem Bild eine weitere charakteristische Note verleihen. Wir sind gespannt darauf, dies auszuprobieren!<\/figcaption><\/figure><figure id=\"attachment_157\" aria-describedby=\"caption-attachment-157\" style=\"width: 800px\" class=\"wp-caption alignnone\"><a href=\"http:\/\/q-nst.de\/blog\/wp-content\/uploads\/2015\/10\/unscharfe-bisons.jpg\"><img loading=\"lazy\" decoding=\"async\" class=\"wp-image-157 size-full\" src=\"http:\/\/q-nst.de\/blog\/wp-content\/uploads\/2015\/10\/unscharfe-bisons.jpg\" alt=\"unscharfe-bisons\" width=\"800\" height=\"1141\" srcset=\"https:\/\/q-nst.de\/blog\/wp-content\/uploads\/2015\/10\/unscharfe-bisons.jpg 800w, https:\/\/q-nst.de\/blog\/wp-content\/uploads\/2015\/10\/unscharfe-bisons-210x300.jpg 210w, https:\/\/q-nst.de\/blog\/wp-content\/uploads\/2015\/10\/unscharfe-bisons-718x1024.jpg 718w, https:\/\/q-nst.de\/blog\/wp-content\/uploads\/2015\/10\/unscharfe-bisons-700x998.jpg 700w, https:\/\/q-nst.de\/blog\/wp-content\/uploads\/2015\/10\/unscharfe-bisons-410x585.jpg 410w, https:\/\/q-nst.de\/blog\/wp-content\/uploads\/2015\/10\/unscharfe-bisons-100x143.jpg 100w, https:\/\/q-nst.de\/blog\/wp-content\/uploads\/2015\/10\/unscharfe-bisons-275x392.jpg 275w\" sizes=\"auto, (max-width: 800px) 100vw, 800px\" \/><\/a><figcaption id=\"caption-attachment-157\" class=\"wp-caption-text\">Das zweite Glas-Negativ f\u00fcr heute - dann ist die Sonne weg und wir m\u00fcssen einpacken.<\/figcaption><\/figure><figure id=\"attachment_155\" aria-describedby=\"caption-attachment-155\" style=\"width: 800px\" class=\"wp-caption alignnone\"><a href=\"http:\/\/q-nst.de\/blog\/wp-content\/uploads\/2015\/10\/DSC08546.jpg\"><img loading=\"lazy\" decoding=\"async\" class=\"wp-image-155 size-full\" src=\"http:\/\/q-nst.de\/blog\/wp-content\/uploads\/2015\/10\/DSC08546.jpg\" alt=\"DSC08546\" width=\"800\" height=\"533\" srcset=\"https:\/\/q-nst.de\/blog\/wp-content\/uploads\/2015\/10\/DSC08546.jpg 800w, https:\/\/q-nst.de\/blog\/wp-content\/uploads\/2015\/10\/DSC08546-300x200.jpg 300w, https:\/\/q-nst.de\/blog\/wp-content\/uploads\/2015\/10\/DSC08546-700x466.jpg 700w, https:\/\/q-nst.de\/blog\/wp-content\/uploads\/2015\/10\/DSC08546-410x273.jpg 410w, https:\/\/q-nst.de\/blog\/wp-content\/uploads\/2015\/10\/DSC08546-100x67.jpg 100w, https:\/\/q-nst.de\/blog\/wp-content\/uploads\/2015\/10\/DSC08546-275x183.jpg 275w, https:\/\/q-nst.de\/blog\/wp-content\/uploads\/2015\/10\/DSC08546-272x182.jpg 272w\" sizes=\"auto, (max-width: 800px) 100vw, 800px\" \/><\/a><figcaption id=\"caption-attachment-155\" class=\"wp-caption-text\">Eine Stunde f\u00fcr den Aufbau, zwei Stunden f\u00fcr zwei Bilder, eine weitere Stunde f\u00fcr das Reinigen der Utensilien und das Einpacken. Man wird bescheiden, was die Masse der Produktion betrifft und ist gl\u00fccklich, wenn alles geklappt hat und man tats\u00e4chlich zwei Bilder mit nach Hause nehmen kann.<\/figcaption><\/figure><\/p>\n<\/div>\n<\/div><\/div><\/div><\/div><\/div>","protected":false},"excerpt":{"rendered":"<p>Bad day, bad pictures?\u00a0Schlecht gelaunt aufzuwachen zwingt einen zur Entscheidung:\u00a0a) alle Pl\u00e4ne fallen lassen und sich sp\u00e4ter \u00e4rgern, alle Pl\u00e4ne fallen gelassen zu haben und damit einen kompletten Tag den Gulli hinunter gesp\u00fclt zu haben.b) murrend, ungeduldig und b\u00f6se Blicke um sich werfend trotzdem zu tun, was man sich vorgenommen hat.\u00a0F\u00fcr Variante b) haben wir [&hellip;]<\/p>\n","protected":false},"author":2,"featured_media":0,"comment_status":"open","ping_status":"open","sticky":false,"template":"","format":"standard","meta":{"ocean_post_layout":"","ocean_both_sidebars_style":"","ocean_both_sidebars_content_width":0,"ocean_both_sidebars_sidebars_width":0,"ocean_sidebar":"","ocean_second_sidebar":"","ocean_disable_margins":"enable","ocean_add_body_class":"","ocean_shortcode_before_top_bar":"","ocean_shortcode_after_top_bar":"","ocean_shortcode_before_header":"","ocean_shortcode_after_header":"","ocean_has_shortcode":"","ocean_shortcode_after_title":"","ocean_shortcode_before_footer_widgets":"","ocean_shortcode_after_footer_widgets":"","ocean_shortcode_before_footer_bottom":"","ocean_shortcode_after_footer_bottom":"","ocean_display_top_bar":"default","ocean_display_header":"default","ocean_header_style":"","ocean_center_header_left_menu":"","ocean_custom_header_template":"","ocean_custom_logo":0,"ocean_custom_retina_logo":0,"ocean_custom_logo_max_width":0,"ocean_custom_logo_tablet_max_width":0,"ocean_custom_logo_mobile_max_width":0,"ocean_custom_logo_max_height":0,"ocean_custom_logo_tablet_max_height":0,"ocean_custom_logo_mobile_max_height":0,"ocean_header_custom_menu":"","ocean_menu_typo_font_family":"","ocean_menu_typo_font_subset":"","ocean_menu_typo_font_size":0,"ocean_menu_typo_font_size_tablet":0,"ocean_menu_typo_font_size_mobile":0,"ocean_menu_typo_font_size_unit":"px","ocean_menu_typo_font_weight":"","ocean_menu_typo_font_weight_tablet":"","ocean_menu_typo_font_weight_mobile":"","ocean_menu_typo_transform":"","ocean_menu_typo_transform_tablet":"","ocean_menu_typo_transform_mobile":"","ocean_menu_typo_line_height":0,"ocean_menu_typo_line_height_tablet":0,"ocean_menu_typo_line_height_mobile":0,"ocean_menu_typo_line_height_unit":"","ocean_menu_typo_spacing":0,"ocean_menu_typo_spacing_tablet":0,"ocean_menu_typo_spacing_mobile":0,"ocean_menu_typo_spacing_unit":"","ocean_menu_link_color":"","ocean_menu_link_color_hover":"","ocean_menu_link_color_active":"","ocean_menu_link_background":"","ocean_menu_link_hover_background":"","ocean_menu_link_active_background":"","ocean_menu_social_links_bg":"","ocean_menu_social_hover_links_bg":"","ocean_menu_social_links_color":"","ocean_menu_social_hover_links_color":"","ocean_disable_title":"default","ocean_disable_heading":"default","ocean_post_title":"","ocean_post_subheading":"","ocean_post_title_style":"","ocean_post_title_background_color":"","ocean_post_title_background":0,"ocean_post_title_bg_image_position":"","ocean_post_title_bg_image_attachment":"","ocean_post_title_bg_image_repeat":"","ocean_post_title_bg_image_size":"","ocean_post_title_height":0,"ocean_post_title_bg_overlay":0.5,"ocean_post_title_bg_overlay_color":"","ocean_disable_breadcrumbs":"default","ocean_breadcrumbs_color":"","ocean_breadcrumbs_separator_color":"","ocean_breadcrumbs_links_color":"","ocean_breadcrumbs_links_hover_color":"","ocean_display_footer_widgets":"default","ocean_display_footer_bottom":"default","ocean_custom_footer_template":"","ocean_post_oembed":"","ocean_post_self_hosted_media":"","ocean_post_video_embed":"","ocean_link_format":"","ocean_link_format_target":"self","ocean_quote_format":"","ocean_quote_format_link":"post","ocean_gallery_link_images":"on","ocean_gallery_id":[],"footnotes":""},"categories":[1],"tags":[],"class_list":["post-134","post","type-post","status-publish","format-standard","hentry","category-on-the-road","entry"],"yoast_head":"<!-- This site is optimized with the Yoast SEO plugin v27.5 - https:\/\/yoast.com\/product\/yoast-seo-wordpress\/ -->\n<title>Hillbilly\u00b4s Mountain - INSIGHTS \/ Fotogafie und Poesie und anderes<\/title>\n<meta name=\"robots\" content=\"index, follow, max-snippet:-1, max-image-preview:large, max-video-preview:-1\" \/>\n<link rel=\"canonical\" href=\"https:\/\/q-nst.de\/blog\/hillbilly-mountain\/\" \/>\n<meta property=\"og:locale\" content=\"de_DE\" \/>\n<meta property=\"og:type\" content=\"article\" \/>\n<meta property=\"og:title\" content=\"Hillbilly\u00b4s Mountain - INSIGHTS \/ Fotogafie und Poesie und anderes\" \/>\n<meta property=\"og:description\" content=\"Bad day, bad pictures?\u00a0Schlecht gelaunt aufzuwachen zwingt einen zur Entscheidung:\u00a0a) alle Pl\u00e4ne fallen lassen und sich sp\u00e4ter \u00e4rgern, alle Pl\u00e4ne fallen gelassen zu haben und damit einen kompletten Tag den Gulli hinunter gesp\u00fclt zu haben.b) murrend, ungeduldig und b\u00f6se Blicke um sich werfend trotzdem zu tun, was man sich vorgenommen hat.\u00a0F\u00fcr Variante b) haben wir [&hellip;]\" \/>\n<meta property=\"og:url\" content=\"https:\/\/q-nst.de\/blog\/hillbilly-mountain\/\" \/>\n<meta property=\"og:site_name\" content=\"INSIGHTS \/ Fotogafie und Poesie und anderes\" \/>\n<meta property=\"article:published_time\" content=\"2015-10-28T00:38:15+00:00\" \/>\n<meta property=\"article:modified_time\" content=\"2023-04-22T01:34:36+00:00\" \/>\n<meta property=\"og:image\" content=\"http:\/\/q-nst.de\/blog\/wp-content\/uploads\/2015\/10\/DSC08417.jpg\" \/>\n<meta name=\"author\" content=\"Clarissa van Amseln\" \/>\n<meta name=\"twitter:card\" content=\"summary_large_image\" \/>\n<meta name=\"twitter:label1\" content=\"Verfasst von\" \/>\n\t<meta name=\"twitter:data1\" content=\"Clarissa van Amseln\" \/>\n\t<meta name=\"twitter:label2\" content=\"Gesch\u00e4tzte Lesezeit\" \/>\n\t<meta name=\"twitter:data2\" content=\"9\u00a0Minuten\" \/>\n<script type=\"application\/ld+json\" class=\"yoast-schema-graph\">{\"@context\":\"https:\\\/\\\/schema.org\",\"@graph\":[{\"@type\":\"Article\",\"@id\":\"https:\\\/\\\/q-nst.de\\\/blog\\\/hillbilly-mountain\\\/#article\",\"isPartOf\":{\"@id\":\"https:\\\/\\\/q-nst.de\\\/blog\\\/hillbilly-mountain\\\/\"},\"author\":{\"name\":\"Clarissa van Amseln\",\"@id\":\"https:\\\/\\\/q-nst.de\\\/blog\\\/#\\\/schema\\\/person\\\/7fee7a044d60d7e1f94918eab97dcfec\"},\"headline\":\"Hillbilly\u00b4s Mountain\",\"datePublished\":\"2015-10-28T00:38:15+00:00\",\"dateModified\":\"2023-04-22T01:34:36+00:00\",\"mainEntityOfPage\":{\"@id\":\"https:\\\/\\\/q-nst.de\\\/blog\\\/hillbilly-mountain\\\/\"},\"wordCount\":1750,\"commentCount\":0,\"publisher\":{\"@id\":\"https:\\\/\\\/q-nst.de\\\/blog\\\/#\\\/schema\\\/person\\\/9b61e2815a5c6ef4b96587db0eddff1e\"},\"image\":{\"@id\":\"https:\\\/\\\/q-nst.de\\\/blog\\\/hillbilly-mountain\\\/#primaryimage\"},\"thumbnailUrl\":\"http:\\\/\\\/q-nst.de\\\/blog\\\/wp-content\\\/uploads\\\/2015\\\/10\\\/DSC08417.jpg\",\"articleSection\":[\"On The Road\"],\"inLanguage\":\"de\",\"potentialAction\":[{\"@type\":\"CommentAction\",\"name\":\"Comment\",\"target\":[\"https:\\\/\\\/q-nst.de\\\/blog\\\/hillbilly-mountain\\\/#respond\"]}]},{\"@type\":\"WebPage\",\"@id\":\"https:\\\/\\\/q-nst.de\\\/blog\\\/hillbilly-mountain\\\/\",\"url\":\"https:\\\/\\\/q-nst.de\\\/blog\\\/hillbilly-mountain\\\/\",\"name\":\"Hillbilly\u00b4s Mountain - INSIGHTS \\\/ Fotogafie und Poesie und anderes\",\"isPartOf\":{\"@id\":\"https:\\\/\\\/q-nst.de\\\/blog\\\/#website\"},\"primaryImageOfPage\":{\"@id\":\"https:\\\/\\\/q-nst.de\\\/blog\\\/hillbilly-mountain\\\/#primaryimage\"},\"image\":{\"@id\":\"https:\\\/\\\/q-nst.de\\\/blog\\\/hillbilly-mountain\\\/#primaryimage\"},\"thumbnailUrl\":\"http:\\\/\\\/q-nst.de\\\/blog\\\/wp-content\\\/uploads\\\/2015\\\/10\\\/DSC08417.jpg\",\"datePublished\":\"2015-10-28T00:38:15+00:00\",\"dateModified\":\"2023-04-22T01:34:36+00:00\",\"breadcrumb\":{\"@id\":\"https:\\\/\\\/q-nst.de\\\/blog\\\/hillbilly-mountain\\\/#breadcrumb\"},\"inLanguage\":\"de\",\"potentialAction\":[{\"@type\":\"ReadAction\",\"target\":[\"https:\\\/\\\/q-nst.de\\\/blog\\\/hillbilly-mountain\\\/\"]}]},{\"@type\":\"ImageObject\",\"inLanguage\":\"de\",\"@id\":\"https:\\\/\\\/q-nst.de\\\/blog\\\/hillbilly-mountain\\\/#primaryimage\",\"url\":\"http:\\\/\\\/q-nst.de\\\/blog\\\/wp-content\\\/uploads\\\/2015\\\/10\\\/DSC08417.jpg\",\"contentUrl\":\"http:\\\/\\\/q-nst.de\\\/blog\\\/wp-content\\\/uploads\\\/2015\\\/10\\\/DSC08417.jpg\"},{\"@type\":\"BreadcrumbList\",\"@id\":\"https:\\\/\\\/q-nst.de\\\/blog\\\/hillbilly-mountain\\\/#breadcrumb\",\"itemListElement\":[{\"@type\":\"ListItem\",\"position\":1,\"name\":\"Home\",\"item\":\"https:\\\/\\\/q-nst.de\\\/blog\\\/\"},{\"@type\":\"ListItem\",\"position\":2,\"name\":\"Hillbilly\u00b4s Mountain\"}]},{\"@type\":\"WebSite\",\"@id\":\"https:\\\/\\\/q-nst.de\\\/blog\\\/#website\",\"url\":\"https:\\\/\\\/q-nst.de\\\/blog\\\/\",\"name\":\"INSIGHTS \\\/ Fotogafie und Poesie und anderes\",\"description\":\"\",\"publisher\":{\"@id\":\"https:\\\/\\\/q-nst.de\\\/blog\\\/#\\\/schema\\\/person\\\/9b61e2815a5c6ef4b96587db0eddff1e\"},\"potentialAction\":[{\"@type\":\"SearchAction\",\"target\":{\"@type\":\"EntryPoint\",\"urlTemplate\":\"https:\\\/\\\/q-nst.de\\\/blog\\\/?s={search_term_string}\"},\"query-input\":{\"@type\":\"PropertyValueSpecification\",\"valueRequired\":true,\"valueName\":\"search_term_string\"}}],\"inLanguage\":\"de\"},{\"@type\":[\"Person\",\"Organization\"],\"@id\":\"https:\\\/\\\/q-nst.de\\\/blog\\\/#\\\/schema\\\/person\\\/9b61e2815a5c6ef4b96587db0eddff1e\",\"name\":\"Peter Kubala\",\"image\":{\"@type\":\"ImageObject\",\"inLanguage\":\"de\",\"@id\":\"https:\\\/\\\/q-nst.de\\\/blog\\\/wp-content\\\/uploads\\\/2023\\\/05\\\/DSC2888.jpg\",\"url\":\"https:\\\/\\\/q-nst.de\\\/blog\\\/wp-content\\\/uploads\\\/2023\\\/05\\\/DSC2888.jpg\",\"contentUrl\":\"https:\\\/\\\/q-nst.de\\\/blog\\\/wp-content\\\/uploads\\\/2023\\\/05\\\/DSC2888.jpg\",\"width\":1000,\"height\":1547,\"caption\":\"Peter Kubala\"},\"logo\":{\"@id\":\"https:\\\/\\\/q-nst.de\\\/blog\\\/wp-content\\\/uploads\\\/2023\\\/05\\\/DSC2888.jpg\"}},{\"@type\":\"Person\",\"@id\":\"https:\\\/\\\/q-nst.de\\\/blog\\\/#\\\/schema\\\/person\\\/7fee7a044d60d7e1f94918eab97dcfec\",\"name\":\"Clarissa van Amseln\",\"url\":\"https:\\\/\\\/q-nst.de\\\/blog\\\/author\\\/amsel\\\/\"}]}<\/script>\n<!-- \/ Yoast SEO plugin. -->","yoast_head_json":{"title":"Hillbilly\u00b4s Mountain - INSIGHTS \/ Fotogafie und Poesie und anderes","robots":{"index":"index","follow":"follow","max-snippet":"max-snippet:-1","max-image-preview":"max-image-preview:large","max-video-preview":"max-video-preview:-1"},"canonical":"https:\/\/q-nst.de\/blog\/hillbilly-mountain\/","og_locale":"de_DE","og_type":"article","og_title":"Hillbilly\u00b4s Mountain - INSIGHTS \/ Fotogafie und Poesie und anderes","og_description":"Bad day, bad pictures?\u00a0Schlecht gelaunt aufzuwachen zwingt einen zur Entscheidung:\u00a0a) alle Pl\u00e4ne fallen lassen und sich sp\u00e4ter \u00e4rgern, alle Pl\u00e4ne fallen gelassen zu haben und damit einen kompletten Tag den Gulli hinunter gesp\u00fclt zu haben.b) murrend, ungeduldig und b\u00f6se Blicke um sich werfend trotzdem zu tun, was man sich vorgenommen hat.\u00a0F\u00fcr Variante b) haben wir [&hellip;]","og_url":"https:\/\/q-nst.de\/blog\/hillbilly-mountain\/","og_site_name":"INSIGHTS \/ Fotogafie und Poesie und anderes","article_published_time":"2015-10-28T00:38:15+00:00","article_modified_time":"2023-04-22T01:34:36+00:00","og_image":[{"url":"http:\/\/q-nst.de\/blog\/wp-content\/uploads\/2015\/10\/DSC08417.jpg","type":"","width":"","height":""}],"author":"Clarissa van Amseln","twitter_card":"summary_large_image","twitter_misc":{"Verfasst von":"Clarissa van Amseln","Gesch\u00e4tzte Lesezeit":"9\u00a0Minuten"},"schema":{"@context":"https:\/\/schema.org","@graph":[{"@type":"Article","@id":"https:\/\/q-nst.de\/blog\/hillbilly-mountain\/#article","isPartOf":{"@id":"https:\/\/q-nst.de\/blog\/hillbilly-mountain\/"},"author":{"name":"Clarissa van Amseln","@id":"https:\/\/q-nst.de\/blog\/#\/schema\/person\/7fee7a044d60d7e1f94918eab97dcfec"},"headline":"Hillbilly\u00b4s Mountain","datePublished":"2015-10-28T00:38:15+00:00","dateModified":"2023-04-22T01:34:36+00:00","mainEntityOfPage":{"@id":"https:\/\/q-nst.de\/blog\/hillbilly-mountain\/"},"wordCount":1750,"commentCount":0,"publisher":{"@id":"https:\/\/q-nst.de\/blog\/#\/schema\/person\/9b61e2815a5c6ef4b96587db0eddff1e"},"image":{"@id":"https:\/\/q-nst.de\/blog\/hillbilly-mountain\/#primaryimage"},"thumbnailUrl":"http:\/\/q-nst.de\/blog\/wp-content\/uploads\/2015\/10\/DSC08417.jpg","articleSection":["On The Road"],"inLanguage":"de","potentialAction":[{"@type":"CommentAction","name":"Comment","target":["https:\/\/q-nst.de\/blog\/hillbilly-mountain\/#respond"]}]},{"@type":"WebPage","@id":"https:\/\/q-nst.de\/blog\/hillbilly-mountain\/","url":"https:\/\/q-nst.de\/blog\/hillbilly-mountain\/","name":"Hillbilly\u00b4s Mountain - INSIGHTS \/ Fotogafie und Poesie und anderes","isPartOf":{"@id":"https:\/\/q-nst.de\/blog\/#website"},"primaryImageOfPage":{"@id":"https:\/\/q-nst.de\/blog\/hillbilly-mountain\/#primaryimage"},"image":{"@id":"https:\/\/q-nst.de\/blog\/hillbilly-mountain\/#primaryimage"},"thumbnailUrl":"http:\/\/q-nst.de\/blog\/wp-content\/uploads\/2015\/10\/DSC08417.jpg","datePublished":"2015-10-28T00:38:15+00:00","dateModified":"2023-04-22T01:34:36+00:00","breadcrumb":{"@id":"https:\/\/q-nst.de\/blog\/hillbilly-mountain\/#breadcrumb"},"inLanguage":"de","potentialAction":[{"@type":"ReadAction","target":["https:\/\/q-nst.de\/blog\/hillbilly-mountain\/"]}]},{"@type":"ImageObject","inLanguage":"de","@id":"https:\/\/q-nst.de\/blog\/hillbilly-mountain\/#primaryimage","url":"http:\/\/q-nst.de\/blog\/wp-content\/uploads\/2015\/10\/DSC08417.jpg","contentUrl":"http:\/\/q-nst.de\/blog\/wp-content\/uploads\/2015\/10\/DSC08417.jpg"},{"@type":"BreadcrumbList","@id":"https:\/\/q-nst.de\/blog\/hillbilly-mountain\/#breadcrumb","itemListElement":[{"@type":"ListItem","position":1,"name":"Home","item":"https:\/\/q-nst.de\/blog\/"},{"@type":"ListItem","position":2,"name":"Hillbilly\u00b4s Mountain"}]},{"@type":"WebSite","@id":"https:\/\/q-nst.de\/blog\/#website","url":"https:\/\/q-nst.de\/blog\/","name":"INSIGHTS \/ Fotogafie und Poesie und anderes","description":"","publisher":{"@id":"https:\/\/q-nst.de\/blog\/#\/schema\/person\/9b61e2815a5c6ef4b96587db0eddff1e"},"potentialAction":[{"@type":"SearchAction","target":{"@type":"EntryPoint","urlTemplate":"https:\/\/q-nst.de\/blog\/?s={search_term_string}"},"query-input":{"@type":"PropertyValueSpecification","valueRequired":true,"valueName":"search_term_string"}}],"inLanguage":"de"},{"@type":["Person","Organization"],"@id":"https:\/\/q-nst.de\/blog\/#\/schema\/person\/9b61e2815a5c6ef4b96587db0eddff1e","name":"Peter Kubala","image":{"@type":"ImageObject","inLanguage":"de","@id":"https:\/\/q-nst.de\/blog\/wp-content\/uploads\/2023\/05\/DSC2888.jpg","url":"https:\/\/q-nst.de\/blog\/wp-content\/uploads\/2023\/05\/DSC2888.jpg","contentUrl":"https:\/\/q-nst.de\/blog\/wp-content\/uploads\/2023\/05\/DSC2888.jpg","width":1000,"height":1547,"caption":"Peter Kubala"},"logo":{"@id":"https:\/\/q-nst.de\/blog\/wp-content\/uploads\/2023\/05\/DSC2888.jpg"}},{"@type":"Person","@id":"https:\/\/q-nst.de\/blog\/#\/schema\/person\/7fee7a044d60d7e1f94918eab97dcfec","name":"Clarissa van Amseln","url":"https:\/\/q-nst.de\/blog\/author\/amsel\/"}]}},"_links":{"self":[{"href":"https:\/\/q-nst.de\/blog\/wp-json\/wp\/v2\/posts\/134","targetHints":{"allow":["GET"]}}],"collection":[{"href":"https:\/\/q-nst.de\/blog\/wp-json\/wp\/v2\/posts"}],"about":[{"href":"https:\/\/q-nst.de\/blog\/wp-json\/wp\/v2\/types\/post"}],"author":[{"embeddable":true,"href":"https:\/\/q-nst.de\/blog\/wp-json\/wp\/v2\/users\/2"}],"replies":[{"embeddable":true,"href":"https:\/\/q-nst.de\/blog\/wp-json\/wp\/v2\/comments?post=134"}],"version-history":[{"count":12,"href":"https:\/\/q-nst.de\/blog\/wp-json\/wp\/v2\/posts\/134\/revisions"}],"predecessor-version":[{"id":233,"href":"https:\/\/q-nst.de\/blog\/wp-json\/wp\/v2\/posts\/134\/revisions\/233"}],"wp:attachment":[{"href":"https:\/\/q-nst.de\/blog\/wp-json\/wp\/v2\/media?parent=134"}],"wp:term":[{"taxonomy":"category","embeddable":true,"href":"https:\/\/q-nst.de\/blog\/wp-json\/wp\/v2\/categories?post=134"},{"taxonomy":"post_tag","embeddable":true,"href":"https:\/\/q-nst.de\/blog\/wp-json\/wp\/v2\/tags?post=134"}],"curies":[{"name":"wp","href":"https:\/\/api.w.org\/{rel}","templated":true}]}}